{"id":1009,"date":"2025-03-02T16:51:47","date_gmt":"2025-03-02T16:51:47","guid":{"rendered":"https:\/\/esrenens.ch\/lemon\/?p=1009"},"modified":"2025-03-02T20:01:37","modified_gmt":"2025-03-02T20:01:37","slug":"la-creature","status":"publish","type":"post","link":"https:\/\/esrenens.ch\/lemon\/la-creature\/","title":{"rendered":"La cr\u00e9ature\u00a0\u00a0"},"content":{"rendered":"\n<p>Depuis que je suis toute petite j\u2019ai toujours pr\u00e9f\u00e9r\u00e9 la solitude qu\u2019\u00eatre entour\u00e9e de plein de personnes. J\u2019avais bien s\u00fbr des amis proches mais un ou deux pas plus. \u00c0 l&rsquo;adolescence j&rsquo;ai commenc\u00e9 \u00e0 m\u2019int\u00e9resser \u00e0 la m\u00e9decine et plus particuli\u00e8rement aux maladies mentales. Je trouvais ce sujet passionnant et c\u2019est donc tout naturellement que j\u2019ai d\u00e9cid\u00e9 de faire des \u00e9tudes de m\u00e9decine puis de me sp\u00e9cialiser dans la psychologie. J&rsquo;avais dans ma famille une tante d\u00e9pressive et je l\u2019avais toujours ador\u00e9 alors d\u2019une certaine fa\u00e7on je faisais aussi \u00e7a pour elle. Les \u00e9tudes avaient \u00e9t\u00e9 tr\u00e8s longues mais j\u2019avais finalement trouv\u00e9 un emploi stable dans un h\u00f4pital un peu isol\u00e9.&nbsp;&nbsp;<\/p>\n\n\n\n<p>&nbsp;C\u2019\u00e9tait un petit b\u00e2timent situ\u00e9 \u00e0 c\u00f4t\u00e9 d&rsquo;une for\u00eat que l\u2019air hivernal rendait mena\u00e7ante. L\u2019\u00e9t\u00e9 on y allait parfois faire des balades avec les patients motiv\u00e9s. Peu de gens passaient dans le coin alors il \u00e9tait tr\u00e8s facile d\u2019y observer des animaux. La journ\u00e9e le b\u00e2timent semblait convivial et chaleureux gr\u00e2ce aux multiples familles qui venaient rendre visite \u00e0 leurs proches. La fa\u00e7ade avant de l\u2019h\u00f4pital abritait l\u2019espace commun et les grandes baies vitr\u00e9es laissaient entrer des flots de lumi\u00e8re \u00e0 n\u2019importe quel moment de l\u2019ann\u00e9e. Le b\u00e2timent \u00e9tait s\u00e9par\u00e9 en deux parties distinctes. La premi\u00e8re lumineuse, pleine de couleur et de vie accueillait les patients les plus jeunes ou simplement ceux qui n\u2019\u00e9taient l\u00e0 que temporairement. La deuxi\u00e8me \u00e9tait cach\u00e9e aux visiteurs et les visites \u00e9taient \u00e9norm\u00e9ment r\u00e9glement\u00e9e. Cette partie-l\u00e0 n\u2019\u00e9tait pas beaucoup appr\u00e9ci\u00e9e par mes coll\u00e8gues et moi. Elle renfermait les patients les plus anciens ou agressifs. Les murs \u00e9taient nus tout comme les couloirs. L\u2019espace d\u00e9tente se r\u00e9sumait \u00e0 une salle grise et morne seulement meubl\u00e9e d\u2019un canap\u00e9 d\u00e9lav\u00e9 par le temps et de magazines de modes datant d\u2019une autre \u00e9poque. Il n\u2019y avait pas de grandes baies vitr\u00e9es ici mais seulement deux petites fen\u00eatres. La plupart des patients pr\u00e9f\u00e9raient rester dans leur chambre alors personne n\u2019avait pris la peine de mieux am\u00e9nager la pi\u00e8ce.&nbsp;&nbsp;<\/p>\n\n\n\n<p>&nbsp;Une fois par mois l\u2019\u00e9quipe qui travaillait \u00e0 \u201cl\u2019Arri\u00e8re\u201d comme on aimait l\u2019appeler changeait avec celle de \u201cl\u2019Avant\u201d. Ce mois-ci c\u2019\u00e9tait donc \u00e0 mon \u00e9quipe de travailler \u00e0 l\u2019Arri\u00e8re. La plupart redoutaient ce moment car l\u2019ambiance \u00e9tait gla\u00e7ante. Moi j\u2019aimais bien cette p\u00e9riode car je travaillais de nuit et m\u00eame si le rythme \u00e9tait dur je n\u2019avais pas grand-chose \u00e0 faire et je pouvais alors d\u00e9vorer des livres. Parmi les patients de l\u2019Arri\u00e8re il y avait un monsieur dans la cinquantaine nomm\u00e9 Jacob Gorman. Il \u00e9tait l\u00e0 depuis une bonne dizaine d\u2019ann\u00e9es mais n\u2019avait malgr\u00e9 tout jamais de demande de visite. C\u2019\u00e9tait un scientifique pendant la deuxi\u00e8me guerre mondiale et il travaillait dans le coin, selon les rumeurs les choses s\u2019\u00e9taient termin\u00e9es sur un homme devenu une chose inhumaine et dangereuse. Il avait tout de suite \u00e9t\u00e9 tr\u00e8s attach\u00e9 \u00e0 moi et c\u2019\u00e9tait r\u00e9ciproque, la m\u00e9lancolie au fond de son regard me touchait. Il \u00e9tait malheureusement schizophr\u00e8ne et avait parfois des crises pendant lesquelles il pr\u00e9tendait qu\u2019une immense cr\u00e9ature le regardait dormir depuis le pas de sa porte. Bien \u00e9videmment personne ne le croyait tout \u00e7a \u00e9tait absurde et il \u00e9tait schizophr\u00e8ne. Mon travail de nuit \u00e9tait assez simple\u202f: il consistait \u00e0 veiller \u00e0 ce que tout le monde soit dans sa chambre et endormi et \u00eatre l\u00e0 en cas de probl\u00e8mes, il y avait parfois quelques histoires mais les soir\u00e9es \u00e9taient souvent tranquilles. Cette soir\u00e9e-l\u00e0 \u00e9tait donc assez banale mis \u00e0 part le fait que normalement nous \u00e9tions deux mais j\u2019\u00e9tais exceptionnellement toute seule, ma coll\u00e8gue \u00e9tait rest\u00e9e \u00e0 la maison car son fils \u00e9tait malade.&nbsp;&nbsp;<\/p>\n\n\n\n<p>&nbsp;J\u2019avais donc fait un tour de toute les chambres mais n\u2019avais rien remarqu\u00e9 d\u2019anormal, aussi j\u2019\u00e9tais retourn\u00e9e dans mon bureau. Je m\u2019\u00e9tais pr\u00e9par\u00e9e une grosse tasse de caf\u00e9 puis m\u2019\u00e9tais plong\u00e9e dans mon livre. Au bout d\u2019une vingtaine de minutes la petite lumi\u00e8re rouge qui indiquait qu&rsquo;un patient demandait de l\u2019aide s\u2019alluma, c\u2019\u00e9tait Jacob. J\u2019entrai d\u00e9licatement dans sa chambre, \u00e0 travers la fen\u00eatre ouverte on pouvait apercevoir la pleine lune brillant dans l\u2019obscurit\u00e9. Une brise glaciale s\u2019engouffrait dans la pi\u00e8ce. Jacob m\u2019expliqua qu\u2019il y avait cette habituelle cr\u00e9ature qui le regardait de puis le seuil de la porte. Il n\u2019y avait \u00e9videmment rien. Je lui demandais pourquoi la fen\u00eatre \u00e9tait ouverte en plein hiver mais il me r\u00e9pondit que c\u2019\u00e9tait par l\u00e0 que la chose \u00e9tait rentr\u00e9e. \u00ab\u202fElle c\u2019est s\u00fbrement ouverte \u00e0 cause du vent qui souffle\u202f\u00bb, pensais-je. Je restais pr\u00e8s de l\u2019homme en discutant jusqu\u2019\u00e0 qu\u2019il se calme et que les premiers signes de sommeil commencent \u00e0 apparaitre. Une fois de retour dans mon bureau, je m\u2019installai confortablement dans mon fauteuil et repris ma lecture. Je fus interrompue une seconde fois lorsqu&rsquo;un petit bruit me fit tourner la t\u00eate. Derri\u00e8re moi il y avait seulement la machine \u00e0 caf\u00e9 et une tasse de caf\u00e9 vide que j\u2019\u00e9tais s\u00fbre d&rsquo;avoir oubli\u00e9e de boire. Pensant \u00e0 un effet de la fatigue ou \u00e0 une souris dans les murs je me replongeais dans mon histoire. Le reste de la nuit fut assez calme m\u00eame si l&rsquo;h\u00f4pital d\u00e9gageait une ambiance malaisante qui me mettait sur les nerfs.&nbsp;&nbsp;&nbsp;<\/p>\n\n\n\n<p>Aux alentours de quatre heures du matin alors que les premiers membres du personnel devaient arriver j\u2019entendis un bruit semblable \u00e0 des griffes grattant contre la porte. Ayant des chats chez moi le bruit ne m\u2019alerta pas tout de suite. Quand je finis par r\u00e9aliser que j\u2019\u00e9tais cens\u00e9e \u00eatre seule et donc responsable de la seule source de bruit je finis par me lever et m\u2019approchai furtivement de la porte. Lorsque j\u2019eus l\u2019oreille coll\u00e9e au panneau de bois le bruit griffu avait cess\u00e9 mais j\u2019entendais malgr\u00e9 tout une respiration qui n\u2019\u00e9tait pas la mienne, on aurait dit celle d\u2019un b\u00eate qui avait couru. Le c\u0153ur cognant je sortis mon t\u00e9l\u00e9phone et envoyai un message aux forces de l\u2019ordre pour leurs signaler que quelqu\u2019un s\u2019\u00e9tait peut-\u00eatre introduit dans le b\u00e2timent. Ils me r\u00e9pondirent qu\u2019ils \u00e9taient pr\u00eats \u00e0 intervenir en cas de probl\u00e8me. Ce n\u2019\u00e9tait peut-\u00eatre qu&rsquo;un chien errant mais mieux valait en \u00eatre s\u00fbr. Prenant mon courage \u00e0 deux mains je d\u00e9cidai d\u2019ouvrir la porte d\u2019un coup sec, derri\u00e8re cette derni\u00e8re se trouvait la chose la plus effrayante que j\u2019aie jamais vue. Elle avait la silhouette d\u2019un homme immense, au moins deux m\u00e8tres, avec un chapeau, son corps entier semblait ne pas \u00eatre r\u00e9el un peu comme une ombre. Son visage \u00e9tait inexistant mis appart une \u00e9norme bouche qui s\u2019\u00e9tendait jusqu\u2019\u00e0 l\u2019endroit o\u00f9 se trouve normalement les oreilles. \u00c0 l&rsquo;int\u00e9rieur de l\u2019orifice se trouvaient deux rang\u00e9es de dents ensanglant\u00e9es. Au bout de ce qui ressemblait \u00e0 ses mains il y avait de longues griffes (au moins quinze centim\u00e8tres chacune) elles aussi tach\u00e9es de sang frais. Derri\u00e8re cette chose toutes les portes des chambres des patients \u00e9taient ouvertes et des giclures d\u2019h\u00e9moglobine tapissaient le sol de l\u2019h\u00f4pital.&nbsp;&nbsp;&nbsp;<\/p>\n\n\n\n<p>P\u00e9trifi\u00e9e par la peur j\u2019essayai de crier mais ma voix s\u2019\u00e9trangla dans ma gorge. Les mains tremblantes je sortis mon t\u00e9l\u00e9phone et appelai la police. Effray\u00e9e par le bruit de la sonnerie la cr\u00e9ature s\u2019enfuit \u00e0 quatre pattes en direction de l\u2019aile ouest, une aile d\u00e9saffect\u00e9e depuis des ann\u00e9es. Pendant la deuxi\u00e8me guerre mondiale cette aile \u00e9tait utilis\u00e9e pour faire des exp\u00e9riences humaines, elle avait ensuite \u00e9t\u00e9 r\u00e9nov\u00e9e en salle d\u2019examen mais \u00e9tait tomb\u00e9e en ruine. Une fois les gendarmes sur place je leur expliquai tout ce qui venait de se passer. Une ambulance \u00e9tait \u00e9galement arriv\u00e9e pour essayer de sauver les patients. Pendant qu\u2019un ambulancier tentait de me rassurer trois policiers p\u00e9n\u00e9tr\u00e8rent dans le b\u00e2timent pour tenter de trouver une piste ou quelque chose de suspicieux. Le sang n\u2019avait pas disparu et des traces \u00e9tranges de pas se dirigeaient vers l\u2019aile ouest mais malheureusement elle \u00e9tait trop d\u00e9labr\u00e9e pour pouvoir continuer les recherches. On me raccompagna chez moi et un gendarme resta pour veiller sur moi.&nbsp;&nbsp;&nbsp;<\/p>\n\n\n\n<p>Quand je me r\u00e9veillai au petit matin je n\u2019\u00e9tais plus chez moi mais dans une salle d\u2019examen poussi\u00e9reuse manifestement pas utilis\u00e9e depuis une d\u00e9cennie. J&rsquo;\u00e9tais nue et \u00e0 c\u00f4t\u00e9 de moi il y avait un chapeau au sol. Un go\u00fbt m\u00e9tallique avait envahi ma bouche et mes mains \u00e9taient myst\u00e9rieusement couverte de sang s\u00e9ch\u00e9. Je me relevai difficilement et sorti de la pi\u00e8ce dans laquelle je m&rsquo;\u00e9tais r\u00e9veill\u00e9e. Dehors il n\u2019y avait qu\u2019un vieil h\u00f4pital qui tombait en ruine. Tout ce qui restait de lisible \u00e9tait un pan de mur indiquant \u201cBienvenue dans l\u2019aile ouest\u201d. FIN.&nbsp;<\/p>\n","protected":false},"excerpt":{"rendered":"<p>Depuis que je suis toute petite j\u2019ai toujours pr\u00e9f\u00e9r\u00e9 la solitude qu\u2019\u00eatre entour\u00e9e de plein de personnes. J\u2019avais bien s\u00fbr des amis proches mais un ou deux pas plus. \u00c0 l&rsquo;adolescence j&rsquo;ai commenc\u00e9 \u00e0 m\u2019int\u00e9resser \u00e0 la m\u00e9decine et plus particuli\u00e8rement aux maladies mentales. Je trouvais ce sujet passionnant et c\u2019est donc tout naturellement que&#8230;<\/p>\n","protected":false},"author":1,"featured_media":1047,"comment_status":"closed","ping_status":"closed","sticky":false,"template":"","format":"standard","meta":{"footnotes":""},"categories":[26],"tags":[],"class_list":["post-1009","post","type-post","status-publish","format-standard","has-post-thumbnail","hentry","category-le-coin-des-creatifs"],"_links":{"self":[{"href":"https:\/\/esrenens.ch\/lemon\/wp-json\/wp\/v2\/posts\/1009","targetHints":{"allow":["GET"]}}],"collection":[{"href":"https:\/\/esrenens.ch\/lemon\/wp-json\/wp\/v2\/posts"}],"about":[{"href":"https:\/\/esrenens.ch\/lemon\/wp-json\/wp\/v2\/types\/post"}],"author":[{"embeddable":true,"href":"https:\/\/esrenens.ch\/lemon\/wp-json\/wp\/v2\/users\/1"}],"replies":[{"embeddable":true,"href":"https:\/\/esrenens.ch\/lemon\/wp-json\/wp\/v2\/comments?post=1009"}],"version-history":[{"count":1,"href":"https:\/\/esrenens.ch\/lemon\/wp-json\/wp\/v2\/posts\/1009\/revisions"}],"predecessor-version":[{"id":1010,"href":"https:\/\/esrenens.ch\/lemon\/wp-json\/wp\/v2\/posts\/1009\/revisions\/1010"}],"wp:featuredmedia":[{"embeddable":true,"href":"https:\/\/esrenens.ch\/lemon\/wp-json\/wp\/v2\/media\/1047"}],"wp:attachment":[{"href":"https:\/\/esrenens.ch\/lemon\/wp-json\/wp\/v2\/media?parent=1009"}],"wp:term":[{"taxonomy":"category","embeddable":true,"href":"https:\/\/esrenens.ch\/lemon\/wp-json\/wp\/v2\/categories?post=1009"},{"taxonomy":"post_tag","embeddable":true,"href":"https:\/\/esrenens.ch\/lemon\/wp-json\/wp\/v2\/tags?post=1009"}],"curies":[{"name":"wp","href":"https:\/\/api.w.org\/{rel}","templated":true}]}}