{"id":1601,"date":"2026-01-26T20:07:00","date_gmt":"2026-01-26T20:07:00","guid":{"rendered":"https:\/\/esrenens.ch\/lemon\/?p=1601"},"modified":"2026-01-26T20:43:49","modified_gmt":"2026-01-26T20:43:49","slug":"beyond-the-clouds-la-fillette-ailee-par-nicke","status":"publish","type":"post","link":"https:\/\/esrenens.ch\/lemon\/beyond-the-clouds-la-fillette-ailee-par-nicke\/","title":{"rendered":"Manga : Beyond the Clouds"},"content":{"rendered":"\n<p>C\u2019est une histoire qui se d\u00e9roule dans la ville jaune, o\u00f9 l\u2019\u00e9volution industrielle est \u00e0 son apog\u00e9e et la magie pleine de fantaisies inimaginables.&nbsp;&nbsp;<\/p>\n\n\n\n<p>Tout commence le soir o\u00f9 notre r\u00eaveur, Th\u00e9o, lit son livre de contes de f\u00e9e. Celui-ci parle des esp\u00e8ces du monde au-dessus des nuages. Dans son bouquin, on raconte qu\u2019il existe des \u00eatres qui ont la capacit\u00e9 de voler au-dessus du plafond blanc.&nbsp;<\/p>\n\n\n\n<p>Apr\u00e8s une ellipse, on le retrouve dans un atelier o\u00f9 il travaille avec son patron f\u00e9lin et ses deux coll\u00e8gues Mary et Bingo. Un soir o\u00f9 il regarde les \u00e9toiles dans le ciel, un myst\u00e9rieux ast\u00e9ro\u00efde apparait et s\u2019\u00e9crase dans une d\u00e9ch\u00e8terie.&nbsp;<\/p>\n\n\n\n<p>Th\u00e9o sort de chez-lui pour voir de plus pr\u00e8s. Quand il arrive sur les lieux, il fait la rencontre d\u2019une myst\u00e9rieuse fillette ail\u00e9e qui a perdu connaissance et dont les ailes ont \u00e9t\u00e9 gravement ab\u00eem\u00e9es. Il la ram\u00e8ne \u00e0 son domicile. Le lendemain, la fille se r\u00e9veille et fait connaissance avec Th\u00e9o, celui-ci lui demande ce qu\u2019il s\u2019est pass\u00e9 mais elle ne parvient pas \u00e0 r\u00e9pondre \u00e0 sa question.&nbsp;<\/p>\n\n\n\n<p>Le jeune gar\u00e7on prend l\u2019initiative de r\u00e9parer ses \u00e9lytres. Pour se faire, il va travailler d\u2019arrache-pied afin qu\u2019elle puisse r\u00e9utiliser ses ailes et retrouver la m\u00e9moire.&nbsp;<\/p>\n","protected":false},"excerpt":{"rendered":"<p>C\u2019est une histoire qui se d\u00e9roule dans la ville jaune, o\u00f9 l\u2019\u00e9volution industrielle est \u00e0 son apog\u00e9e et la magie pleine de fantaisies inimaginables.&nbsp;&nbsp; Tout commence le soir o\u00f9 notre r\u00eaveur, Th\u00e9o, lit son livre de contes de f\u00e9e. Celui-ci parle des esp\u00e8ces du monde au-dessus des nuages. Dans son bouquin, on raconte qu\u2019il existe&#8230;<\/p>\n","protected":false},"author":1,"featured_media":1642,"comment_status":"closed","ping_status":"closed","sticky":false,"template":"","format":"standard","meta":{"footnotes":""},"categories":[34],"tags":[],"class_list":["post-1601","post","type-post","status-publish","format-standard","has-post-thumbnail","hentry","category-la-bibliotheque-de"],"_links":{"self":[{"href":"https:\/\/esrenens.ch\/lemon\/wp-json\/wp\/v2\/posts\/1601","targetHints":{"allow":["GET"]}}],"collection":[{"href":"https:\/\/esrenens.ch\/lemon\/wp-json\/wp\/v2\/posts"}],"about":[{"href":"https:\/\/esrenens.ch\/lemon\/wp-json\/wp\/v2\/types\/post"}],"author":[{"embeddable":true,"href":"https:\/\/esrenens.ch\/lemon\/wp-json\/wp\/v2\/users\/1"}],"replies":[{"embeddable":true,"href":"https:\/\/esrenens.ch\/lemon\/wp-json\/wp\/v2\/comments?post=1601"}],"version-history":[{"count":2,"href":"https:\/\/esrenens.ch\/lemon\/wp-json\/wp\/v2\/posts\/1601\/revisions"}],"predecessor-version":[{"id":1646,"href":"https:\/\/esrenens.ch\/lemon\/wp-json\/wp\/v2\/posts\/1601\/revisions\/1646"}],"wp:featuredmedia":[{"embeddable":true,"href":"https:\/\/esrenens.ch\/lemon\/wp-json\/wp\/v2\/media\/1642"}],"wp:attachment":[{"href":"https:\/\/esrenens.ch\/lemon\/wp-json\/wp\/v2\/media?parent=1601"}],"wp:term":[{"taxonomy":"category","embeddable":true,"href":"https:\/\/esrenens.ch\/lemon\/wp-json\/wp\/v2\/categories?post=1601"},{"taxonomy":"post_tag","embeddable":true,"href":"https:\/\/esrenens.ch\/lemon\/wp-json\/wp\/v2\/tags?post=1601"}],"curies":[{"name":"wp","href":"https:\/\/api.w.org\/{rel}","templated":true}]}}