{"id":1603,"date":"2026-01-26T20:08:34","date_gmt":"2026-01-26T20:08:34","guid":{"rendered":"https:\/\/esrenens.ch\/lemon\/?p=1603"},"modified":"2026-01-26T20:42:11","modified_gmt":"2026-01-26T20:42:11","slug":"films-et-series","status":"publish","type":"post","link":"https:\/\/esrenens.ch\/lemon\/films-et-series\/","title":{"rendered":"Esprits criminels"},"content":{"rendered":"\n<p>Aujourd\u2019hui, je vous pr\u00e9sente <em>Esprits Criminels<\/em>, une s\u00e9rie de 18 saisons contenant une vingtaine d\u2019\u00e9pisodes chacune. Un \u00e9pisode dure environ 42 minutes et la s\u00e9rie a \u00e9t\u00e9 cr\u00e9\u00e9 par Jeff Davids. Le premier \u00e9pisode a \u00e9t\u00e9 diffus\u00e9 en 2005 et la s\u00e9rie est tourn\u00e9e aux Etats-Unis.&nbsp;<\/p>\n\n\n\n<p>Esprits criminels est une s\u00e9rie qui suit le BAU, l\u2019unit\u00e9 d\u2019analyse comportementales, une \u00e9quipe qui enqu\u00eate sur le comportement des tueurs en s\u00e9rie. Ils enqu\u00eatent, ils profilent et ils traquent les criminels.&nbsp;&nbsp;<\/p>\n\n\n\n<p>Des enqu\u00eates, des rebondissements et une \u00e9quipe soud\u00e9e pour une bonne soir\u00e9e ! Pour les amoureux des livres, il existe aussi des versions papier. Je recommande les livres de Max Allan Collins qui ont \u00e9t\u00e9 inspir\u00e9s de la s\u00e9rie.&nbsp;<\/p>\n\n\n\n<p>Cette s\u00e9rie est un grand coup de c\u0153ur pour moi, grande recommandation de ma part. Si vous essayez j\u2019esp\u00e8re que vous ne serez pas d\u00e9\u00e7us.<\/p>\n\n\n\n<figure class=\"wp-block-image size-large\"><img loading=\"lazy\" decoding=\"async\" width=\"1024\" height=\"346\" src=\"https:\/\/esrenens.ch\/lemon\/wp-content\/uploads\/2026\/01\/esprits_criminels-1024x346.png\" alt=\"\" class=\"wp-image-1605\" srcset=\"https:\/\/esrenens.ch\/lemon\/wp-content\/uploads\/2026\/01\/esprits_criminels-1024x346.png 1024w, https:\/\/esrenens.ch\/lemon\/wp-content\/uploads\/2026\/01\/esprits_criminels-300x101.png 300w, https:\/\/esrenens.ch\/lemon\/wp-content\/uploads\/2026\/01\/esprits_criminels-768x260.png 768w, https:\/\/esrenens.ch\/lemon\/wp-content\/uploads\/2026\/01\/esprits_criminels-100x34.png 100w, https:\/\/esrenens.ch\/lemon\/wp-content\/uploads\/2026\/01\/esprits_criminels.png 1414w\" sizes=\"auto, (max-width: 1024px) 100vw, 1024px\" \/><\/figure>\n","protected":false},"excerpt":{"rendered":"<p>Aujourd\u2019hui, je vous pr\u00e9sente Esprits Criminels, une s\u00e9rie de 18 saisons contenant une vingtaine d\u2019\u00e9pisodes chacune. Un \u00e9pisode dure environ 42 minutes et la s\u00e9rie a \u00e9t\u00e9 cr\u00e9\u00e9 par Jeff Davids. Le premier \u00e9pisode a \u00e9t\u00e9 diffus\u00e9 en 2005 et la s\u00e9rie est tourn\u00e9e aux Etats-Unis.&nbsp; Esprits criminels est une s\u00e9rie qui suit le BAU,&#8230;<\/p>\n","protected":false},"author":1,"featured_media":1640,"comment_status":"closed","ping_status":"closed","sticky":false,"template":"","format":"standard","meta":{"footnotes":""},"categories":[33],"tags":[],"class_list":["post-1603","post","type-post","status-publish","format-standard","has-post-thumbnail","hentry","category-films-et-series"],"_links":{"self":[{"href":"https:\/\/esrenens.ch\/lemon\/wp-json\/wp\/v2\/posts\/1603","targetHints":{"allow":["GET"]}}],"collection":[{"href":"https:\/\/esrenens.ch\/lemon\/wp-json\/wp\/v2\/posts"}],"about":[{"href":"https:\/\/esrenens.ch\/lemon\/wp-json\/wp\/v2\/types\/post"}],"author":[{"embeddable":true,"href":"https:\/\/esrenens.ch\/lemon\/wp-json\/wp\/v2\/users\/1"}],"replies":[{"embeddable":true,"href":"https:\/\/esrenens.ch\/lemon\/wp-json\/wp\/v2\/comments?post=1603"}],"version-history":[{"count":4,"href":"https:\/\/esrenens.ch\/lemon\/wp-json\/wp\/v2\/posts\/1603\/revisions"}],"predecessor-version":[{"id":1645,"href":"https:\/\/esrenens.ch\/lemon\/wp-json\/wp\/v2\/posts\/1603\/revisions\/1645"}],"wp:featuredmedia":[{"embeddable":true,"href":"https:\/\/esrenens.ch\/lemon\/wp-json\/wp\/v2\/media\/1640"}],"wp:attachment":[{"href":"https:\/\/esrenens.ch\/lemon\/wp-json\/wp\/v2\/media?parent=1603"}],"wp:term":[{"taxonomy":"category","embeddable":true,"href":"https:\/\/esrenens.ch\/lemon\/wp-json\/wp\/v2\/categories?post=1603"},{"taxonomy":"post_tag","embeddable":true,"href":"https:\/\/esrenens.ch\/lemon\/wp-json\/wp\/v2\/tags?post=1603"}],"curies":[{"name":"wp","href":"https:\/\/api.w.org\/{rel}","templated":true}]}}