{"id":1607,"date":"2026-01-26T20:11:06","date_gmt":"2026-01-26T20:11:06","guid":{"rendered":"https:\/\/esrenens.ch\/lemon\/?p=1607"},"modified":"2026-01-26T21:10:20","modified_gmt":"2026-01-26T21:10:20","slug":"lhistoire-de-la-creation-du-lemons-news","status":"publish","type":"post","link":"https:\/\/esrenens.ch\/lemon\/lhistoire-de-la-creation-du-lemons-news\/","title":{"rendered":"L\u2019histoire de&#8230; la cr\u00e9ation du Lemon\u2019s News\u00a0"},"content":{"rendered":"\n<p><em>Le Lemon\u2019s News f\u00eate son 10\u00e8me num\u00e9ro ! Et pour f\u00eater \u00e7a, on retrace son histoire.&nbsp;<\/em>&nbsp;<\/p>\n\n\n\n<p>On raconte que ce journal est n\u00e9 d\u2019une id\u00e9e simple : cr\u00e9er un m\u00e9dia fait par les \u00e9l\u00e8ves, pour les \u00e9l\u00e8ves. Tout a commenc\u00e9 lorsqu\u2019un petit groupe d\u2019\u00e9tudiants passionn\u00e9s de journalisme, de communication et de vid\u00e9o a d\u00e9cid\u00e9 de cr\u00e9er ce m\u00e9dia. Ils trouvaient que trop d\u2019\u00e9v\u00e9nements passaient inaper\u00e7us et qu\u2019il manquait un espace o\u00f9 l\u2019on pouvait s\u2019informer tout en s\u2019amusant. \u00c0 l\u2019image de l\u2019esprit du coll\u00e8ge, l&rsquo;\u00e9quipe voulait que chaque \u00e9dition apporte un regard p\u00e9tillant sur la vie scolaire : des projets, des clubs et plein d\u2019autres choses.&nbsp;<\/p>\n\n\n\n<p>Au d\u00e9but, le projet \u00e9tait modeste : quelques vid\u00e9os tourn\u00e9es \u00e0 la pause, des interviews spontan\u00e9es et des petits reportages. Mais rapidement, le Lemon\u2019s News a gagn\u00e9 en qualit\u00e9, en organisation et en popularit\u00e9. Les \u00e9l\u00e8ves attendaient chaque nouvelle publication avec impatience, curieux de d\u00e9couvrir les nouveaut\u00e9s, les annonces et les moments forts de la semaine.&nbsp;<\/p>\n\n\n\n<p>Avec le temps, le Lemon\u2019s News est devenu un v\u00e9ritable symbole du Coll\u00e8ge du L\u00e9man : un m\u00e9dia qui refl\u00e8te la cr\u00e9ativit\u00e9, la diversit\u00e9 et l\u2019\u00e9nergie de ses \u00e9l\u00e8ves. Encore aujourd\u2019hui, il continue d\u2019\u00e9voluer, port\u00e9 par de nouvelles g\u00e9n\u00e9rations qui perp\u00e9tuent sa mission : informer, divertir et rassembler.\u00a0<br><br>Cette histoire est-elle vraie ? Nul ne le saura jamais ! \ud83d\ude0a<\/p>\n\n\n\n<p>Un modeste portrait de Lime, la mascotte du journal depuis ses d\u00e9buts.\u00a0\u00a0<\/p>\n\n\n\n<figure class=\"wp-block-image size-large\"><img loading=\"lazy\" decoding=\"async\" width=\"1024\" height=\"723\" src=\"https:\/\/esrenens.ch\/lemon\/wp-content\/uploads\/2026\/01\/lime_portrait-1024x723.png\" alt=\"\" class=\"wp-image-1608\" srcset=\"https:\/\/esrenens.ch\/lemon\/wp-content\/uploads\/2026\/01\/lime_portrait-1024x723.png 1024w, https:\/\/esrenens.ch\/lemon\/wp-content\/uploads\/2026\/01\/lime_portrait-300x212.png 300w, https:\/\/esrenens.ch\/lemon\/wp-content\/uploads\/2026\/01\/lime_portrait-768x543.png 768w, https:\/\/esrenens.ch\/lemon\/wp-content\/uploads\/2026\/01\/lime_portrait-100x71.png 100w, https:\/\/esrenens.ch\/lemon\/wp-content\/uploads\/2026\/01\/lime_portrait-1536x1085.png 1536w, https:\/\/esrenens.ch\/lemon\/wp-content\/uploads\/2026\/01\/lime_portrait.png 1628w\" sizes=\"auto, (max-width: 1024px) 100vw, 1024px\" \/><\/figure>\n","protected":false},"excerpt":{"rendered":"<p>Le Lemon\u2019s News f\u00eate son 10\u00e8me num\u00e9ro ! Et pour f\u00eater \u00e7a, on retrace son histoire.&nbsp;&nbsp; On raconte que ce journal est n\u00e9 d\u2019une id\u00e9e simple : cr\u00e9er un m\u00e9dia fait par les \u00e9l\u00e8ves, pour les \u00e9l\u00e8ves. Tout a commenc\u00e9 lorsqu\u2019un petit groupe d\u2019\u00e9tudiants passionn\u00e9s de journalisme, de communication et de vid\u00e9o a d\u00e9cid\u00e9 de&#8230;<\/p>\n","protected":false},"author":1,"featured_media":1705,"comment_status":"closed","ping_status":"closed","sticky":false,"template":"","format":"standard","meta":{"footnotes":""},"categories":[19],"tags":[],"class_list":["post-1607","post","type-post","status-publish","format-standard","has-post-thumbnail","hentry","category-ledito"],"_links":{"self":[{"href":"https:\/\/esrenens.ch\/lemon\/wp-json\/wp\/v2\/posts\/1607","targetHints":{"allow":["GET"]}}],"collection":[{"href":"https:\/\/esrenens.ch\/lemon\/wp-json\/wp\/v2\/posts"}],"about":[{"href":"https:\/\/esrenens.ch\/lemon\/wp-json\/wp\/v2\/types\/post"}],"author":[{"embeddable":true,"href":"https:\/\/esrenens.ch\/lemon\/wp-json\/wp\/v2\/users\/1"}],"replies":[{"embeddable":true,"href":"https:\/\/esrenens.ch\/lemon\/wp-json\/wp\/v2\/comments?post=1607"}],"version-history":[{"count":1,"href":"https:\/\/esrenens.ch\/lemon\/wp-json\/wp\/v2\/posts\/1607\/revisions"}],"predecessor-version":[{"id":1609,"href":"https:\/\/esrenens.ch\/lemon\/wp-json\/wp\/v2\/posts\/1607\/revisions\/1609"}],"wp:featuredmedia":[{"embeddable":true,"href":"https:\/\/esrenens.ch\/lemon\/wp-json\/wp\/v2\/media\/1705"}],"wp:attachment":[{"href":"https:\/\/esrenens.ch\/lemon\/wp-json\/wp\/v2\/media?parent=1607"}],"wp:term":[{"taxonomy":"category","embeddable":true,"href":"https:\/\/esrenens.ch\/lemon\/wp-json\/wp\/v2\/categories?post=1607"},{"taxonomy":"post_tag","embeddable":true,"href":"https:\/\/esrenens.ch\/lemon\/wp-json\/wp\/v2\/tags?post=1607"}],"curies":[{"name":"wp","href":"https:\/\/api.w.org\/{rel}","templated":true}]}}