{"id":1612,"date":"2026-01-26T20:12:11","date_gmt":"2026-01-26T20:12:11","guid":{"rendered":"https:\/\/esrenens.ch\/lemon\/?p=1612"},"modified":"2026-01-26T21:07:43","modified_gmt":"2026-01-26T21:07:43","slug":"artemis-ii","status":"publish","type":"post","link":"https:\/\/esrenens.ch\/lemon\/artemis-ii\/","title":{"rendered":"\u00a0Art\u00e9mis II\u00a0"},"content":{"rendered":"\n<p><strong>Qu\u2019est-ce qu\u2019Art\u00e9mis II ?<\/strong>&nbsp;<\/p>\n\n\n\n<p>Art\u00e9mis II sera la premi\u00e8re mission spatiale habit\u00e9e depuis 1972 qui va quitter l\u2019orbite terrestre. Le but de la mission n\u2019est pas de se poser sur la Lune, mais elle va poser les bases pour Art\u00e9mis III (qui va \u00eatre lanc\u00e9e approximativement en 2027), une mission spatiale qui vise \u00e0 habiter la Lune. La dur\u00e9e approximative de la mission est de 10 jours. Le vol est pr\u00e9vu au plus t\u00f4t le 6 f\u00e9vrier 2026.&nbsp;&nbsp;<\/p>\n\n\n\n<p><strong>Qui sera \u00e0 bord d\u2019Art\u00e9mis II?&nbsp;<\/strong>&nbsp;<\/p>\n\n\n\n<p>Les astronautes se nomment Reid Wiseman (Commandant, NASA), Victor Glover (Pilote, NASA), Christina Koch (Sp\u00e9cialiste de mission, NASA) et Jeremy Hansen (Sp\u00e9cialiste de mission, Agence spatiale canadienne)&nbsp;<\/p>\n\n\n\n<p><strong>Quel est le but de cette mission ? Pourquoi aller habiter la lune ?<\/strong>&nbsp;&nbsp;<\/p>\n\n\n\n<p>Ces misions ont pour but d\u2019en savoir plus sur notre syst\u00e8me solaire, de cr\u00e9er de nouvelles technologies et serviront de tremplin pour partir sur Mars.&nbsp;<\/p>\n\n\n\n<p><strong>Quiz spatial<\/strong>&nbsp;<\/p>\n\n\n\n<p>Relie les noms des personnes qui vont dans l&rsquo;espace \u00e0 leur pays.&nbsp;<\/p>\n\n\n\n<p>USA, Europe&nbsp;&nbsp;&nbsp;&nbsp;&nbsp;&nbsp;&nbsp;&nbsp;&nbsp;&nbsp;&nbsp;&nbsp;&nbsp;&nbsp;&nbsp;&nbsp;&nbsp;&nbsp;&nbsp;&nbsp;&nbsp;&nbsp;&nbsp;&nbsp;&nbsp;&nbsp;&nbsp;&nbsp;&nbsp;&nbsp;&nbsp;&nbsp;&nbsp;&nbsp;&nbsp;&nbsp;&nbsp;&nbsp;&nbsp;&nbsp;&nbsp;&nbsp; <strong>Ta\u00efkonaute<\/strong>&nbsp;<\/p>\n\n\n\n<p>France&nbsp;&nbsp;&nbsp;&nbsp;&nbsp;&nbsp;&nbsp;&nbsp;&nbsp;&nbsp;&nbsp;&nbsp;&nbsp;&nbsp;&nbsp;&nbsp;&nbsp;&nbsp;&nbsp;&nbsp;&nbsp;&nbsp;&nbsp;&nbsp;&nbsp;&nbsp;&nbsp;&nbsp;&nbsp;&nbsp;&nbsp;&nbsp;&nbsp;&nbsp;&nbsp;&nbsp;&nbsp;&nbsp;&nbsp;&nbsp;&nbsp;&nbsp;&nbsp;&nbsp;&nbsp;&nbsp;&nbsp;&nbsp;&nbsp;&nbsp;&nbsp; <strong>Cosmonaute<\/strong>&nbsp;<\/p>\n\n\n\n<p>Union sovi\u00e9tique&nbsp;&nbsp;&nbsp;&nbsp;&nbsp;&nbsp;&nbsp;&nbsp;&nbsp;&nbsp;&nbsp;&nbsp;&nbsp;&nbsp;&nbsp;&nbsp;&nbsp;&nbsp;&nbsp;&nbsp;&nbsp;&nbsp;&nbsp;&nbsp;&nbsp;&nbsp;&nbsp;&nbsp;&nbsp;&nbsp;&nbsp;&nbsp;&nbsp;&nbsp;&nbsp; <strong>Vyomanaute<\/strong>&nbsp;<\/p>\n\n\n\n<p>Chine&nbsp;&nbsp;&nbsp;&nbsp;&nbsp;&nbsp;&nbsp;&nbsp;&nbsp;&nbsp;&nbsp;&nbsp;&nbsp;&nbsp;&nbsp;&nbsp;&nbsp;&nbsp;&nbsp;&nbsp;&nbsp;&nbsp;&nbsp;&nbsp;&nbsp;&nbsp;&nbsp;&nbsp;&nbsp;&nbsp;&nbsp;&nbsp;&nbsp;&nbsp;&nbsp;&nbsp;&nbsp;&nbsp;&nbsp;&nbsp;&nbsp;&nbsp;&nbsp;&nbsp;&nbsp;&nbsp;&nbsp;&nbsp;&nbsp;&nbsp;&nbsp;&nbsp;&nbsp; <strong>Astronaute<\/strong>&nbsp;<\/p>\n\n\n\n<p>Inde&nbsp;&nbsp;&nbsp;&nbsp;&nbsp;&nbsp;&nbsp;&nbsp;&nbsp;&nbsp;&nbsp;&nbsp;&nbsp;&nbsp;&nbsp;&nbsp;&nbsp;&nbsp;&nbsp;&nbsp;&nbsp;&nbsp;&nbsp;&nbsp;&nbsp;&nbsp;&nbsp;&nbsp;&nbsp;&nbsp;&nbsp;&nbsp;&nbsp;&nbsp;&nbsp;&nbsp;&nbsp;&nbsp;&nbsp;&nbsp;&nbsp;&nbsp;&nbsp;&nbsp;&nbsp;&nbsp;&nbsp;&nbsp;&nbsp;&nbsp;&nbsp;&nbsp;&nbsp;&nbsp;&nbsp;&nbsp; <strong>Spationaute<\/strong>&nbsp;<\/p>\n\n\n\n<figure class=\"wp-block-image size-full\"><img loading=\"lazy\" decoding=\"async\" width=\"256\" height=\"171\" src=\"https:\/\/esrenens.ch\/lemon\/wp-content\/uploads\/2026\/01\/image-3.png\" alt=\"\" class=\"wp-image-1613\" srcset=\"https:\/\/esrenens.ch\/lemon\/wp-content\/uploads\/2026\/01\/image-3.png 256w, https:\/\/esrenens.ch\/lemon\/wp-content\/uploads\/2026\/01\/image-3-100x67.png 100w\" sizes=\"auto, (max-width: 256px) 100vw, 256px\" \/><\/figure>\n\n\n\n<figure class=\"wp-block-image size-full\"><img loading=\"lazy\" decoding=\"async\" width=\"766\" height=\"366\" src=\"https:\/\/esrenens.ch\/lemon\/wp-content\/uploads\/2026\/01\/image-5.png\" alt=\"\" class=\"wp-image-1615\" srcset=\"https:\/\/esrenens.ch\/lemon\/wp-content\/uploads\/2026\/01\/image-5.png 766w, https:\/\/esrenens.ch\/lemon\/wp-content\/uploads\/2026\/01\/image-5-300x143.png 300w, https:\/\/esrenens.ch\/lemon\/wp-content\/uploads\/2026\/01\/image-5-100x48.png 100w\" sizes=\"auto, (max-width: 766px) 100vw, 766px\" \/><\/figure>\n\n\n\n<figure class=\"wp-block-image size-full\"><img loading=\"lazy\" decoding=\"async\" width=\"768\" height=\"691\" src=\"https:\/\/esrenens.ch\/lemon\/wp-content\/uploads\/2026\/01\/image-4.png\" alt=\"\" class=\"wp-image-1614\" srcset=\"https:\/\/esrenens.ch\/lemon\/wp-content\/uploads\/2026\/01\/image-4.png 768w, https:\/\/esrenens.ch\/lemon\/wp-content\/uploads\/2026\/01\/image-4-300x270.png 300w, https:\/\/esrenens.ch\/lemon\/wp-content\/uploads\/2026\/01\/image-4-100x90.png 100w\" sizes=\"auto, (max-width: 768px) 100vw, 768px\" \/><\/figure>\n","protected":false},"excerpt":{"rendered":"<p>Qu\u2019est-ce qu\u2019Art\u00e9mis II ?&nbsp; Art\u00e9mis II sera la premi\u00e8re mission spatiale habit\u00e9e depuis 1972 qui va quitter l\u2019orbite terrestre. Le but de la mission n\u2019est pas de se poser sur la Lune, mais elle va poser les bases pour Art\u00e9mis III (qui va \u00eatre lanc\u00e9e approximativement en 2027), une mission spatiale qui vise \u00e0 habiter&#8230;<\/p>\n","protected":false},"author":1,"featured_media":1702,"comment_status":"closed","ping_status":"closed","sticky":false,"template":"","format":"standard","meta":{"footnotes":""},"categories":[1],"tags":[],"class_list":["post-1612","post","type-post","status-publish","format-standard","has-post-thumbnail","hentry","category-monde_et_nous"],"_links":{"self":[{"href":"https:\/\/esrenens.ch\/lemon\/wp-json\/wp\/v2\/posts\/1612","targetHints":{"allow":["GET"]}}],"collection":[{"href":"https:\/\/esrenens.ch\/lemon\/wp-json\/wp\/v2\/posts"}],"about":[{"href":"https:\/\/esrenens.ch\/lemon\/wp-json\/wp\/v2\/types\/post"}],"author":[{"embeddable":true,"href":"https:\/\/esrenens.ch\/lemon\/wp-json\/wp\/v2\/users\/1"}],"replies":[{"embeddable":true,"href":"https:\/\/esrenens.ch\/lemon\/wp-json\/wp\/v2\/comments?post=1612"}],"version-history":[{"count":1,"href":"https:\/\/esrenens.ch\/lemon\/wp-json\/wp\/v2\/posts\/1612\/revisions"}],"predecessor-version":[{"id":1616,"href":"https:\/\/esrenens.ch\/lemon\/wp-json\/wp\/v2\/posts\/1612\/revisions\/1616"}],"wp:featuredmedia":[{"embeddable":true,"href":"https:\/\/esrenens.ch\/lemon\/wp-json\/wp\/v2\/media\/1702"}],"wp:attachment":[{"href":"https:\/\/esrenens.ch\/lemon\/wp-json\/wp\/v2\/media?parent=1612"}],"wp:term":[{"taxonomy":"category","embeddable":true,"href":"https:\/\/esrenens.ch\/lemon\/wp-json\/wp\/v2\/categories?post=1612"},{"taxonomy":"post_tag","embeddable":true,"href":"https:\/\/esrenens.ch\/lemon\/wp-json\/wp\/v2\/tags?post=1612"}],"curies":[{"name":"wp","href":"https:\/\/api.w.org\/{rel}","templated":true}]}}