{"id":1617,"date":"2026-01-26T20:12:50","date_gmt":"2026-01-26T20:12:50","guid":{"rendered":"https:\/\/esrenens.ch\/lemon\/?p=1617"},"modified":"2026-01-26T21:03:49","modified_gmt":"2026-01-26T21:03:49","slug":"incendie-de-crans-montana-que-sest-il-passe","status":"publish","type":"post","link":"https:\/\/esrenens.ch\/lemon\/incendie-de-crans-montana-que-sest-il-passe\/","title":{"rendered":"Incendie de Crans-Montana : que s\u2019est-il pass\u00e9 ?\u00a0"},"content":{"rendered":"\n<p>Tout a commenc\u00e9 le soir du 31 d\u00e9cembre 2025 dans un bar\/restaurant \u00e0 Crans-Montana. Des jeunes \u00e2g\u00e9s de 14 \u00e0 39 ans venant de Suisse, de France, d\u2019Italie ainsi que d\u2019autres pays \u00e9trangers \u00e9taient dans ce bar s\u2019appelant \u201cLe Constellation\u201d pour f\u00eater le passage de la nouvelle ann\u00e9e. Si la pr\u00e9sence de jeunes de 14 ans vous \u00e9tonne, sachez qu\u2019\u00e0 partir de 22h00, les moins de 16 ans ne sont pas autoris\u00e9s \u00e0 se trouver dans des lieux servant de l\u2019alcool \u00e0 moins d\u2019\u00eatre accompagn\u00e9s par un adulte ou un repr\u00e9sentant l\u00e9gal.&nbsp;<\/p>\n\n\n\n<p>Malheureusement, vers 1h30 du matin, un incendie est survenu. Des bougies \u00e0 \u00e9tincelles ont \u00e9t\u00e9 mises sur des bouteilles de champagnes. Celles-ci ont \u00e9t\u00e9 trop approch\u00e9es du plafond qui a commenc\u00e9 \u00e0 prendre feu. Selon plusieurs vid\u00e9os prises par des jeunes dans le bar, le plafond \u00e9tait recouvert d\u2019une mousse acoustique qui s\u2019est enflamm\u00e9e tr\u00e8s vite.&nbsp;<\/p>\n\n\n\n<p>Les jeunes n\u2019ont d\u2019abord pas eu de r\u00e9action vive en apercevant les flammes. Ils filmaient presque tous la sc\u00e8ne quand soudain le plafond a enti\u00e8rement pris feu. \u00c0 ce moment-l\u00e0, les gens ont commenc\u00e9 \u00e0 paniquer. Ils se sont tous mis \u00e0 courir pour essayer de sortir au plus vite, mais la seule sortie \u00e9tait un petit escalier \u00e9troit, ce qui a provoqu\u00e9 un attroupement \u00e0 la sortie. Plus de 40 personnes sont d\u00e9c\u00e9d\u00e9es car elles sont rest\u00e9es bloqu\u00e9es dans le sous-sol. Pour beaucoup de jeunes, ces sc\u00e8nes ont \u00e9t\u00e9 traumatisantes. Le propri\u00e9taire du bar a d\u00e9clar\u00e9 que la porte de derri\u00e8re, qui \u00e9tait aussi une porte de secours, \u00e9tait ferm\u00e9e pour s\u2019assurer que personne ne parte sans payer \u00e0 la sortie. C\u2019est pour cela qu\u2019il n\u2019y avait qu\u2019une sortie.&nbsp;<\/p>\n\n\n\n<p>Parmi les personnes parvenues \u00e0 sortir du bar, beaucoup \u00e9taient brul\u00e9es. Elles ont donc \u00e9t\u00e9 transport\u00e9es en ambulances ou en h\u00e9licopt\u00e8re dans plusieurs h\u00f4pitaux en Suisse, en France ou m\u00eame en Italie car il y a eu plus de 116 br\u00fbl\u00e9s. Certaines personnes n\u2019ont heureusement rien eu. Certains parents avec des enfants trop bless\u00e9s ont eu le droit \u00e0 des cong\u00e9s afin de pouvoir rester aupr\u00e8s d\u2019eux et de les soutenir.&nbsp;<\/p>\n","protected":false},"excerpt":{"rendered":"<p>Tout a commenc\u00e9 le soir du 31 d\u00e9cembre 2025 dans un bar\/restaurant \u00e0 Crans-Montana. Des jeunes \u00e2g\u00e9s de 14 \u00e0 39 ans venant de Suisse, de France, d\u2019Italie ainsi que d\u2019autres pays \u00e9trangers \u00e9taient dans ce bar s\u2019appelant \u201cLe Constellation\u201d pour f\u00eater le passage de la nouvelle ann\u00e9e. Si la pr\u00e9sence de jeunes de 14&#8230;<\/p>\n","protected":false},"author":1,"featured_media":1700,"comment_status":"closed","ping_status":"closed","sticky":false,"template":"","format":"standard","meta":{"footnotes":""},"categories":[1],"tags":[],"class_list":["post-1617","post","type-post","status-publish","format-standard","has-post-thumbnail","hentry","category-monde_et_nous"],"_links":{"self":[{"href":"https:\/\/esrenens.ch\/lemon\/wp-json\/wp\/v2\/posts\/1617","targetHints":{"allow":["GET"]}}],"collection":[{"href":"https:\/\/esrenens.ch\/lemon\/wp-json\/wp\/v2\/posts"}],"about":[{"href":"https:\/\/esrenens.ch\/lemon\/wp-json\/wp\/v2\/types\/post"}],"author":[{"embeddable":true,"href":"https:\/\/esrenens.ch\/lemon\/wp-json\/wp\/v2\/users\/1"}],"replies":[{"embeddable":true,"href":"https:\/\/esrenens.ch\/lemon\/wp-json\/wp\/v2\/comments?post=1617"}],"version-history":[{"count":1,"href":"https:\/\/esrenens.ch\/lemon\/wp-json\/wp\/v2\/posts\/1617\/revisions"}],"predecessor-version":[{"id":1618,"href":"https:\/\/esrenens.ch\/lemon\/wp-json\/wp\/v2\/posts\/1617\/revisions\/1618"}],"wp:featuredmedia":[{"embeddable":true,"href":"https:\/\/esrenens.ch\/lemon\/wp-json\/wp\/v2\/media\/1700"}],"wp:attachment":[{"href":"https:\/\/esrenens.ch\/lemon\/wp-json\/wp\/v2\/media?parent=1617"}],"wp:term":[{"taxonomy":"category","embeddable":true,"href":"https:\/\/esrenens.ch\/lemon\/wp-json\/wp\/v2\/categories?post=1617"},{"taxonomy":"post_tag","embeddable":true,"href":"https:\/\/esrenens.ch\/lemon\/wp-json\/wp\/v2\/tags?post=1617"}],"curies":[{"name":"wp","href":"https:\/\/api.w.org\/{rel}","templated":true}]}}