{"id":1621,"date":"2026-01-26T20:14:21","date_gmt":"2026-01-26T20:14:21","guid":{"rendered":"https:\/\/esrenens.ch\/lemon\/?p=1621"},"modified":"2026-01-26T21:08:14","modified_gmt":"2026-01-26T21:08:14","slug":"la-10vg4-realise-son-emission-radio","status":"publish","type":"post","link":"https:\/\/esrenens.ch\/lemon\/la-10vg4-realise-son-emission-radio\/","title":{"rendered":"La 10VG4 r\u00e9alise son \u00e9mission radio\u00a0\u00a0"},"content":{"rendered":"\n<p>La classe 10VG4 a particip\u00e9 \u00e0 une \u00e9mission radio \u00e0 la RTS. Nous avons parl\u00e9 de multiculturalit\u00e9. La multiculturalit\u00e9, c\u2019est la rencontre de beaucoup de cultures et d\u2019origines diff\u00e9rentes. On a voulu parler de \u00e7a parce que \u00e7a nous tenait \u00e0 c\u0153ur : le L\u00e9man est un coll\u00e8ge tr\u00e8s multiculturel !&nbsp;&nbsp;<\/p>\n\n\n\n<p>C\u2019\u00e9tait trop cool de faire cette \u00e9mission ! On a beaucoup travaill\u00e9, on a d\u00fb se pr\u00e9parer : on s\u2019est racont\u00e9 l\u2019histoire de nos origines, des anecdotes sur nos vies. On a appris \u00e0 se connaitre. Ensuite, on a fait des recherches sur nos sujets, on a \u00e9crit des textes et on a fait des interviews. Enfin, on a r\u00e9p\u00e9t\u00e9 nos textes.&nbsp;&nbsp;<\/p>\n\n\n\n<p>Il y a eu des hauts et des bas : il y a eu de tr\u00e8s beaux moments lorsqu\u2019on travaillait ensemble ou le jour de l\u2019\u00e9mission, quand on a pu d\u00e9couvrir les studios, rencontrer la rappeuse suisse KT Gorique, l\u2019invit\u00e9e de notre \u00e9mission et surtout parler dans le micro ! Mais il y a aussi eu beaucoup de stress, la peur de ne pas r\u00e9ussir.&nbsp;&nbsp;<\/p>\n\n\n\n<p>L\u2019\u00e9mission est pass\u00e9e sur la RTS le 29 d\u00e9cembre. Vous pouvez la retrouver sur internet : https:\/\/www.rts.ch\/audio-podcast\/2025\/audio\/la-multiculturalite-29102863.html&nbsp;&nbsp;&nbsp;&nbsp;<\/p>\n\n\n\n<p>Quand on l\u2019a \u00e9cout\u00e9, on a \u00e9t\u00e9 super fier de nous ! Mais par contre, on a trouv\u00e9 nos voix bizarres. Allez l\u2019\u00e9couter, elle est g\u00e9niale !&nbsp;<\/p>\n\n\n\n<p>La 10VG4&nbsp;<\/p>\n\n\n\n<figure class=\"wp-block-image size-full\"><img loading=\"lazy\" decoding=\"async\" width=\"901\" height=\"372\" src=\"https:\/\/esrenens.ch\/lemon\/wp-content\/uploads\/2026\/01\/image-6.png\" alt=\"\" class=\"wp-image-1622\" srcset=\"https:\/\/esrenens.ch\/lemon\/wp-content\/uploads\/2026\/01\/image-6.png 901w, https:\/\/esrenens.ch\/lemon\/wp-content\/uploads\/2026\/01\/image-6-300x124.png 300w, https:\/\/esrenens.ch\/lemon\/wp-content\/uploads\/2026\/01\/image-6-768x317.png 768w, https:\/\/esrenens.ch\/lemon\/wp-content\/uploads\/2026\/01\/image-6-100x41.png 100w\" sizes=\"auto, (max-width: 901px) 100vw, 901px\" \/><\/figure>\n","protected":false},"excerpt":{"rendered":"<p>La classe 10VG4 a particip\u00e9 \u00e0 une \u00e9mission radio \u00e0 la RTS. Nous avons parl\u00e9 de multiculturalit\u00e9. La multiculturalit\u00e9, c\u2019est la rencontre de beaucoup de cultures et d\u2019origines diff\u00e9rentes. On a voulu parler de \u00e7a parce que \u00e7a nous tenait \u00e0 c\u0153ur : le L\u00e9man est un coll\u00e8ge tr\u00e8s multiculturel !&nbsp;&nbsp; C\u2019\u00e9tait trop cool de&#8230;<\/p>\n","protected":false},"author":1,"featured_media":1704,"comment_status":"closed","ping_status":"closed","sticky":false,"template":"","format":"standard","meta":{"footnotes":""},"categories":[1],"tags":[],"class_list":["post-1621","post","type-post","status-publish","format-standard","has-post-thumbnail","hentry","category-monde_et_nous"],"_links":{"self":[{"href":"https:\/\/esrenens.ch\/lemon\/wp-json\/wp\/v2\/posts\/1621","targetHints":{"allow":["GET"]}}],"collection":[{"href":"https:\/\/esrenens.ch\/lemon\/wp-json\/wp\/v2\/posts"}],"about":[{"href":"https:\/\/esrenens.ch\/lemon\/wp-json\/wp\/v2\/types\/post"}],"author":[{"embeddable":true,"href":"https:\/\/esrenens.ch\/lemon\/wp-json\/wp\/v2\/users\/1"}],"replies":[{"embeddable":true,"href":"https:\/\/esrenens.ch\/lemon\/wp-json\/wp\/v2\/comments?post=1621"}],"version-history":[{"count":1,"href":"https:\/\/esrenens.ch\/lemon\/wp-json\/wp\/v2\/posts\/1621\/revisions"}],"predecessor-version":[{"id":1623,"href":"https:\/\/esrenens.ch\/lemon\/wp-json\/wp\/v2\/posts\/1621\/revisions\/1623"}],"wp:featuredmedia":[{"embeddable":true,"href":"https:\/\/esrenens.ch\/lemon\/wp-json\/wp\/v2\/media\/1704"}],"wp:attachment":[{"href":"https:\/\/esrenens.ch\/lemon\/wp-json\/wp\/v2\/media?parent=1621"}],"wp:term":[{"taxonomy":"category","embeddable":true,"href":"https:\/\/esrenens.ch\/lemon\/wp-json\/wp\/v2\/categories?post=1621"},{"taxonomy":"post_tag","embeddable":true,"href":"https:\/\/esrenens.ch\/lemon\/wp-json\/wp\/v2\/tags?post=1621"}],"curies":[{"name":"wp","href":"https:\/\/api.w.org\/{rel}","templated":true}]}}