{"id":1626,"date":"2026-01-26T20:15:54","date_gmt":"2026-01-26T20:15:54","guid":{"rendered":"https:\/\/esrenens.ch\/lemon\/?p=1626"},"modified":"2026-01-26T21:13:24","modified_gmt":"2026-01-26T21:13:24","slug":"pages-et-pixel","status":"publish","type":"post","link":"https:\/\/esrenens.ch\/lemon\/pages-et-pixel\/","title":{"rendered":"Pages et Pixel\u00a0"},"content":{"rendered":"\n<p>Pages et Pixel est un club \u00e0 la biblioth\u00e8que pour d\u00e9couvrir des livres, des s\u00e9ries, etc. Cet atelier permet aux \u00e9l\u00e8ves d\u2019aller une fois par mois \u00e0 la biblioth\u00e8que de 12h00 \u00e0 13h00 pour discuter de leurs ouvrages pr\u00e9f\u00e9r\u00e9s et en d\u00e9couvrir de nouveaux.&nbsp;<\/p>\n\n\n\n<p>Nous y sommes all\u00e9es pour voir comment \u00e7a se passait : d\u2019abord nous avons mang\u00e9 tous ensemble et ensuite nous avons pr\u00e9sent\u00e9 chacun notre tour (ce n\u2019\u00e9tait bien s\u00fbr pas oblig\u00e9) un roman, un jeu vid\u00e9o, une s\u00e9rie, un anim\u00e9, etc. C\u2019\u00e9tait tr\u00e8s sympa.&nbsp;&nbsp;<\/p>\n\n\n\n<p>L&rsquo;atelier accueille les ados d\u00e8s 12 ans et l\u2019entr\u00e9e est libre sans inscription. Nous vous conseillons d\u2019aller y jeter un \u0153il !&nbsp;<\/p>\n\n\n\n<p>Voici quelques dates \u00e0 venir :&nbsp;<\/p>\n\n\n\n<p>29 janvier, 26 f\u00e9vrier, 26 mars, 7 mai et 4 juin 2026&nbsp;&nbsp;<\/p>\n\n\n\n<p>Clara et Colombine&nbsp;<\/p>\n\n\n\n<p><strong>Interview d\u2019une \u00e9l\u00e8ve :<\/strong>&nbsp;<\/p>\n\n\n\n<p><strong>Comment tu t\u2019appelles ?<\/strong> Elora&nbsp;&nbsp;<\/p>\n\n\n\n<p><strong>Depuis combien de temps tu viens ?<\/strong> Depuis le 8 mai (le d\u00e9but)&nbsp;<\/p>\n\n\n\n<p><strong>Comment as-tu d\u00e9couvert l\u2019atelier ?<\/strong> C\u2019est mes amis qui ont d\u00e9couvert cet atelier et ils m&rsquo;ont propos\u00e9 de venir avec eux.&nbsp;<\/p>\n\n\n\n<p><strong>Est-ce que l\u2019atelier t\u2019a fait aimer un livre ? <\/strong>Non, pas sp\u00e9cialement parce que je regarde plut\u00f4t des s\u00e9ries, mais l\u00e0 je viens de d\u00e9couvrir un livre qui s\u2019appelle \u00ab Nos faces cach\u00e9es \u00bb. Je vais le lire.&nbsp;&nbsp;<\/p>\n\n\n\n<p><strong>C&rsquo;est quoi ton livre pr\u00e9f\u00e9r\u00e9 ?<\/strong> J\u2019ai beaucoup aim\u00e9 \u00ab Nos \u00e9toiles contraires \u00bb de John Green.&nbsp;<\/p>\n\n\n\n<figure class=\"wp-block-image size-large\"><img loading=\"lazy\" decoding=\"async\" width=\"1024\" height=\"573\" src=\"https:\/\/esrenens.ch\/lemon\/wp-content\/uploads\/2026\/01\/page_pixel-1024x573.png\" alt=\"\" class=\"wp-image-1629\" srcset=\"https:\/\/esrenens.ch\/lemon\/wp-content\/uploads\/2026\/01\/page_pixel-1024x573.png 1024w, https:\/\/esrenens.ch\/lemon\/wp-content\/uploads\/2026\/01\/page_pixel-300x168.png 300w, https:\/\/esrenens.ch\/lemon\/wp-content\/uploads\/2026\/01\/page_pixel-768x430.png 768w, https:\/\/esrenens.ch\/lemon\/wp-content\/uploads\/2026\/01\/page_pixel-100x56.png 100w, https:\/\/esrenens.ch\/lemon\/wp-content\/uploads\/2026\/01\/page_pixel-1536x860.png 1536w, https:\/\/esrenens.ch\/lemon\/wp-content\/uploads\/2026\/01\/page_pixel.png 1622w\" sizes=\"auto, (max-width: 1024px) 100vw, 1024px\" \/><\/figure>\n","protected":false},"excerpt":{"rendered":"<p>Pages et Pixel est un club \u00e0 la biblioth\u00e8que pour d\u00e9couvrir des livres, des s\u00e9ries, etc. Cet atelier permet aux \u00e9l\u00e8ves d\u2019aller une fois par mois \u00e0 la biblioth\u00e8que de 12h00 \u00e0 13h00 pour discuter de leurs ouvrages pr\u00e9f\u00e9r\u00e9s et en d\u00e9couvrir de nouveaux.&nbsp; Nous y sommes all\u00e9es pour voir comment \u00e7a se passait :&#8230;<\/p>\n","protected":false},"author":1,"featured_media":1706,"comment_status":"closed","ping_status":"closed","sticky":false,"template":"","format":"standard","meta":{"footnotes":""},"categories":[2],"tags":[],"class_list":["post-1626","post","type-post","status-publish","format-standard","has-post-thumbnail","hentry","category-quoi_de_neuf"],"_links":{"self":[{"href":"https:\/\/esrenens.ch\/lemon\/wp-json\/wp\/v2\/posts\/1626","targetHints":{"allow":["GET"]}}],"collection":[{"href":"https:\/\/esrenens.ch\/lemon\/wp-json\/wp\/v2\/posts"}],"about":[{"href":"https:\/\/esrenens.ch\/lemon\/wp-json\/wp\/v2\/types\/post"}],"author":[{"embeddable":true,"href":"https:\/\/esrenens.ch\/lemon\/wp-json\/wp\/v2\/users\/1"}],"replies":[{"embeddable":true,"href":"https:\/\/esrenens.ch\/lemon\/wp-json\/wp\/v2\/comments?post=1626"}],"version-history":[{"count":2,"href":"https:\/\/esrenens.ch\/lemon\/wp-json\/wp\/v2\/posts\/1626\/revisions"}],"predecessor-version":[{"id":1630,"href":"https:\/\/esrenens.ch\/lemon\/wp-json\/wp\/v2\/posts\/1626\/revisions\/1630"}],"wp:featuredmedia":[{"embeddable":true,"href":"https:\/\/esrenens.ch\/lemon\/wp-json\/wp\/v2\/media\/1706"}],"wp:attachment":[{"href":"https:\/\/esrenens.ch\/lemon\/wp-json\/wp\/v2\/media?parent=1626"}],"wp:term":[{"taxonomy":"category","embeddable":true,"href":"https:\/\/esrenens.ch\/lemon\/wp-json\/wp\/v2\/categories?post=1626"},{"taxonomy":"post_tag","embeddable":true,"href":"https:\/\/esrenens.ch\/lemon\/wp-json\/wp\/v2\/tags?post=1626"}],"curies":[{"name":"wp","href":"https:\/\/api.w.org\/{rel}","templated":true}]}}