{"id":861,"date":"2024-11-10T10:52:58","date_gmt":"2024-11-10T10:52:58","guid":{"rendered":"https:\/\/esrenens.ch\/news2\/?p=861"},"modified":"2024-11-10T12:50:32","modified_gmt":"2024-11-10T12:50:32","slug":"la-grande-interview-de-mme-bodmer","status":"publish","type":"post","link":"https:\/\/esrenens.ch\/lemon\/la-grande-interview-de-mme-bodmer\/","title":{"rendered":"La grande interview de Mme Bodmer\u00a0"},"content":{"rendered":"\n<p><strong>\u00c0 chaque num\u00e9ro, vous aurez l\u2019occasion de d\u00e9couvrir une personne de l\u2019\u00e9cole. Pour le premier num\u00e9ro de cette ann\u00e9e, Nil et Divya sont all\u00e9es interviewer Mme Bodmer.&nbsp;<\/strong>&nbsp;<\/p>\n\n\n\n<p><strong>Aimez-vous votre m\u00e9tier ? Pourquoi ?<\/strong>&nbsp;<\/p>\n\n\n\n<p>Je crois qu\u2019on peut dire que j\u2019aime mon m\u00e9tier, oui, sinon je ne serai pas l\u00e0 et j\u2019aurais de la peine \u00e0 me lever le matin. J\u2019aime bien rencontrer plein d\u2019\u00e9l\u00e8ves, je trouve que c\u2019est agr\u00e9able et en plus j\u2019ai trois branches que j\u2019aime. Et j\u2019aime bien transmettre un minimum de savoir \u00e0 des \u00e9l\u00e8ves qui sont plus ou moins int\u00e9ress\u00e9s. Quelquefois ils ont plus int\u00e9ress\u00e9s que moins et c\u2019est bien.&nbsp;<\/p>\n\n\n\n<p><strong>Quand avez-vous commenc\u00e9 \u00e0 devenir prof ?<\/strong>&nbsp;<\/p>\n\n\n\n<p>\u00c7a fait \u00e0 peu pr\u00e8s 17 ans que je fais prof.&nbsp;&nbsp;<\/p>\n\n\n\n<p><strong>Vous avez toujours voulu \u00eatre prof ? Sinon, quel m\u00e9tier avez voulu faire ?<\/strong>&nbsp;<\/p>\n\n\n\n<p>Je crois que j\u2019ai toujours voulu \u00eatre prof. Je voulais plut\u00f4t \u00eatre prof de gym, c\u2019\u00e9tait mon r\u00eave. Mais apr\u00e8s il s\u2019est finalement trouv\u00e9 que j\u2019ai fait autre chose que prof de gym. Mais oui, j\u2019ai toujours voulu \u00eatre prof.&nbsp;<\/p>\n\n\n\n<p><strong>Quelles branches enseignez-vous ?<\/strong>&nbsp;<\/p>\n\n\n\n<p>J\u2019enseigne les maths, la science et la g\u00e9ographie.&nbsp;&nbsp;<\/p>\n\n\n\n<p><strong>Lorsque vous \u00e9tiez petite, quelle \u00e9tait votre branche pr\u00e9f\u00e9r\u00e9e ?<\/strong>&nbsp;<\/p>\n\n\n\n<p>Je crois que j\u2019\u00e9tais de ces gens qui aimaient l\u2019\u00e9cole donc j\u2019aimais toutes les branches. J\u2019aimais aussi bien la gym, les travaux manuels, les maths, la science. J\u2019avais de la difficult\u00e9 en fran\u00e7ais donc c\u2019\u00e9tait peut-\u00eatre la branche que j\u2019aimais le moins au d\u00e9but mais maintenant j\u2019aime beaucoup le fran\u00e7ais.&nbsp;<\/p>\n\n\n\n<p><strong>Avez-vous des enfants ? Si oui, quel \u00e2ge ont-ils ?<\/strong>&nbsp;<\/p>\n\n\n\n<p>Non, je n\u2019ai pas d\u2019enfants.&nbsp;&nbsp;<\/p>\n\n\n\n<p><strong>On nous a dit que vous \u00e9tiez une championne de ski. C\u2019est vrai ?&nbsp;<\/strong>&nbsp;<\/p>\n\n\n\n<p>Oui, c\u2019est vrai.&nbsp;<\/p>\n\n\n\n<p><strong>Quand avez-vous commenc\u00e9 le ski ?<\/strong>&nbsp;<\/p>\n\n\n\n<p>Alors, j\u2019ai commenc\u00e9 le ski quand j\u2019avais \u00e0 peu pr\u00e8s 4 ans. Puis, je n\u2019ai jamais arr\u00eat\u00e9 de toute ma vie, j\u2019ai ski\u00e9 tout le temps depuis que j\u2019ai 4 ans.&nbsp;<\/p>\n\n\n\n<p><strong>Vous fa\u00eetes ce sport r\u00e9guli\u00e8rement ?<\/strong>&nbsp;<\/p>\n\n\n\n<p>J\u2019essaie d\u2019en faire le plus possible. En hiver, d\u00e8s que je peux aller skier, je vais skier.&nbsp;<\/p>\n\n\n\n<p><strong>Vous avez d\u00e9j\u00e0 fait des grosses chutes ?<\/strong>&nbsp;<\/p>\n\n\n\n<p>Quelques-unes, pas beaucoup mais une fois j\u2019en ai fait une grosse pendant une comp\u00e9tition. C\u2019\u00e9tait film\u00e9 donc la chute est rest\u00e9e longtemps dans le b\u00eatisier d\u2019Eurosport, c\u2019\u00e9tait vraiment une grosse chute mais je me suis pas du tout fait mal, c\u2019\u00e9tait impressionnant \u00e0 voir.&nbsp;<\/p>\n\n\n\n<p><strong>Avez-vous d\u00e9j\u00e0 fait un championnat ?<\/strong>&nbsp;<\/p>\n\n\n\n<p>J\u2019ai fait plein de championnats, \u00e0 plein de niveaux diff\u00e9rents. J\u2019ai fait des championnats suisses, des championnats d\u2019Europe, des championnats du monde, des Jeux Olympiques&#8230; ouais, j\u2019ai fait plein de championnats \u00e0 tous niveaux.\u00a0<\/p>\n\n\n\n<p><\/p>\n\n\n\n<figure class=\"wp-block-embed is-type-video is-provider-youtube wp-block-embed-youtube wp-embed-aspect-16-9 wp-has-aspect-ratio\"><div class=\"wp-block-embed__wrapper\">\n<div class=\"epyt-video-wrapper\"><iframe loading=\"lazy\"  id=\"_ytid_45064\"  width=\"800\" height=\"450\"  data-origwidth=\"800\" data-origheight=\"450\"  data-relstop=\"1\" src=\"https:\/\/www.youtube.com\/embed\/3yHyAdhX4t0?enablejsapi=1&#038;autoplay=0&#038;cc_load_policy=0&#038;cc_lang_pref=&#038;iv_load_policy=1&#038;loop=0&#038;rel=0&#038;fs=1&#038;playsinline=0&#038;autohide=2&#038;theme=dark&#038;color=red&#038;controls=1&#038;disablekb=0&#038;\" class=\"__youtube_prefs__  epyt-is-override  no-lazyload\" title=\"YouTube player\"  allow=\"fullscreen; accelerometer; autoplay; clipboard-write; encrypted-media; gyroscope; picture-in-picture; web-share\" referrerpolicy=\"strict-origin-when-cross-origin\" allowfullscreen data-no-lazy=\"1\" data-skipgform_ajax_framebjll=\"\"><\/iframe><\/div>\n<\/div><\/figure>\n","protected":false},"excerpt":{"rendered":"<p>\u00c0 chaque num\u00e9ro, vous aurez l\u2019occasion de d\u00e9couvrir une personne de l\u2019\u00e9cole. Pour le premier num\u00e9ro de cette ann\u00e9e, Nil et Divya sont all\u00e9es interviewer Mme Bodmer.&nbsp;&nbsp; Aimez-vous votre m\u00e9tier ? Pourquoi ?&nbsp; Je crois qu\u2019on peut dire que j\u2019aime mon m\u00e9tier, oui, sinon je ne serai pas l\u00e0 et j\u2019aurais de la peine \u00e0&#8230;<\/p>\n","protected":false},"author":1,"featured_media":885,"comment_status":"closed","ping_status":"closed","sticky":false,"template":"","format":"standard","meta":{"footnotes":""},"categories":[25],"tags":[],"class_list":["post-861","post","type-post","status-publish","format-standard","has-post-thumbnail","hentry","category-la-grande-interview"],"_links":{"self":[{"href":"https:\/\/esrenens.ch\/lemon\/wp-json\/wp\/v2\/posts\/861","targetHints":{"allow":["GET"]}}],"collection":[{"href":"https:\/\/esrenens.ch\/lemon\/wp-json\/wp\/v2\/posts"}],"about":[{"href":"https:\/\/esrenens.ch\/lemon\/wp-json\/wp\/v2\/types\/post"}],"author":[{"embeddable":true,"href":"https:\/\/esrenens.ch\/lemon\/wp-json\/wp\/v2\/users\/1"}],"replies":[{"embeddable":true,"href":"https:\/\/esrenens.ch\/lemon\/wp-json\/wp\/v2\/comments?post=861"}],"version-history":[{"count":4,"href":"https:\/\/esrenens.ch\/lemon\/wp-json\/wp\/v2\/posts\/861\/revisions"}],"predecessor-version":[{"id":884,"href":"https:\/\/esrenens.ch\/lemon\/wp-json\/wp\/v2\/posts\/861\/revisions\/884"}],"wp:featuredmedia":[{"embeddable":true,"href":"https:\/\/esrenens.ch\/lemon\/wp-json\/wp\/v2\/media\/885"}],"wp:attachment":[{"href":"https:\/\/esrenens.ch\/lemon\/wp-json\/wp\/v2\/media?parent=861"}],"wp:term":[{"taxonomy":"category","embeddable":true,"href":"https:\/\/esrenens.ch\/lemon\/wp-json\/wp\/v2\/categories?post=861"},{"taxonomy":"post_tag","embeddable":true,"href":"https:\/\/esrenens.ch\/lemon\/wp-json\/wp\/v2\/tags?post=861"}],"curies":[{"name":"wp","href":"https:\/\/api.w.org\/{rel}","templated":true}]}}